{"id":954,"date":"2024-11-13T03:18:10","date_gmt":"2024-11-13T02:18:10","guid":{"rendered":"https:\/\/chalespa.com\/?p=954"},"modified":"2024-11-13T03:20:33","modified_gmt":"2024-11-13T02:20:33","slug":"cuales-son-los-beneficios-del-cuidado-facial","status":"publish","type":"post","link":"https:\/\/chalespa.com\/index.php\/2024\/11\/13\/cuales-son-los-beneficios-del-cuidado-facial\/","title":{"rendered":"\u00bfCu\u00e1les son los beneficios del cuidado facial?"},"content":{"rendered":"\t\t<div data-elementor-type=\"wp-post\" data-elementor-id=\"954\" class=\"elementor elementor-954\" data-elementor-post-type=\"post\">\n\t\t\t\t\t\t<section class=\"elementor-section elementor-top-section elementor-element elementor-element-f47ea6e elementor-section-boxed elementor-section-height-default elementor-section-height-default\" data-id=\"f47ea6e\" data-element_type=\"section\" data-e-type=\"section\">\n\t\t\t\t\t\t<div class=\"elementor-container elementor-column-gap-default\">\n\t\t\t\t\t<div class=\"elementor-column elementor-col-100 elementor-top-column elementor-element elementor-element-4bf9b13\" data-id=\"4bf9b13\" data-element_type=\"column\" data-e-type=\"column\">\n\t\t\t<div class=\"elementor-widget-wrap elementor-element-populated\">\n\t\t\t\t\t\t<div class=\"elementor-element elementor-element-fbfbed7 elementor-widget elementor-widget-text-editor\" data-id=\"fbfbed7\" data-element_type=\"widget\" data-e-type=\"widget\" data-widget_type=\"text-editor.default\">\n\t\t\t\t<div class=\"elementor-widget-container\">\n\t\t\t\t\t\t\t\t\t<p><strong>El cuidado facial es de suma importancia porque la piel del rostro es muy sensible y est\u00e1 expuesta durante todo el a\u00f1o a la agresi\u00f3n de agentes externos como el fr\u00edo, el calor, el polvo y el viento.<\/strong><\/p><p>Adem\u00e1s, el exceso de comida o el consumo de alcohol y la falta de sue\u00f1o tambi\u00e9n se reflejan en la piel: aparecen bolsas y ojeras, se hacen visibles los primeros signos de fatiga y la sequedad. <strong>A todo esto, hay que sumar que, muchas veces, act\u00faa como un indicador de otros problemas que pueden afectar a nuestro organismo, como el estr\u00e9s, los cambios hormonales o la contaminaci\u00f3n.<\/strong> Por eso, cuidar la piel como merece no es solo una cuesti\u00f3n est\u00e9tica, sino tambi\u00e9n de salud.<\/p><p><strong>Beneficios del Cuidado Facial:<\/strong><\/p><ol class=\"ProsemirrorEditor-list\"><li class=\"ProsemirrorEditor-listItem\" data-list-indent=\"1\" data-list-type=\"bulleted\"><p><strong>Retrasa la aparici\u00f3n de arrugas:<\/strong> la limpieza diaria de la piel junto al uso de productos con activos antiedad ayuda a retardar el envejecimiento cut\u00e1neo.<\/p><\/li><li class=\"ProsemirrorEditor-listItem\" data-list-indent=\"1\" data-list-type=\"bulleted\"><p><strong>Oxigena:<\/strong> un beneficio para destacar, porque activa las defensas naturales de la piel y le permite respirar mejor.<\/p><\/li><li class=\"ProsemirrorEditor-listItem\" data-list-indent=\"1\" data-list-type=\"bulleted\"><p><strong>Regula el acn\u00e9:<\/strong> el cuidado es fundamental para las personas que sufren de acn\u00e9, porque reduce la sensaci\u00f3n de piel grasa y permite remover los puntos negros.<\/p><\/li><li class=\"ProsemirrorEditor-listItem\" data-list-indent=\"1\" data-list-type=\"bulleted\"><p><strong>Elimina c\u00e9lulas muertas y restos de poluci\u00f3n:<\/strong> durante el d\u00eda la piel acumula suciedad e impurezas que es importante quitar porque obstruyen los poros.<\/p><\/li><li class=\"ProsemirrorEditor-listItem\" data-list-indent=\"1\" data-list-type=\"bulleted\"><p><strong>Hidrata en profundidad:<\/strong> una piel hidratada es una piel el\u00e1stica, saludable y m\u00e1s joven.<\/p><\/li><li class=\"ProsemirrorEditor-listItem\" data-list-indent=\"1\" data-list-type=\"bulleted\"><p><strong>Disminuye los signos de cansancio:<\/strong> descuidada, la piel se ve apagada, amarillenta y sin densidad.<\/p><\/li><li class=\"ProsemirrorEditor-listItem\" data-list-indent=\"1\" data-list-type=\"bulleted\"><p><strong>Recibe mejor el maquillaje:<\/strong> en un cutis limpio los productos de make up penetran mejor, lucen mucho m\u00e1s y duran m\u00e1s tiempo.<\/p><\/li><\/ol><p><strong>Hay que tener en cuenta que una buena rutina de cuidado facial empieza por la limpieza<\/strong>, que no solo quita suciedad, restos de maquillaje, sebo y sudor acumulados, sino que, tambi\u00e9n, mejora la textura de la piel y logra que los productos que se aplican despu\u00e9s se absorban mejor y m\u00e1s f\u00e1cilmente.<\/p><p><strong>\u00bfCu\u00e1ndo limpiar nuestra piel?<\/strong><\/p><p>Los especialistas recomiendan limpiar el rostro a la ma\u00f1ana y a la noche, aunque la limpieza nocturna es la considerada m\u00e1s importante porque elimina la suciedad y deja la piel lista para que se autorepare mientras dormimos. Para una higiene m\u00e1s completa conviene hacer una exfoliaci\u00f3n facial semanal o cada quince d\u00edas, dependiendo de las necesidades de cada rostro.<\/p><p><strong>El segundo paso es la aplicaci\u00f3n de un t\u00f3nico<\/strong>, que no solo hidrata y refresca el rostro, sino que, adem\u00e1s, reduce los poros, restaura el equilibrio del pH cut\u00e1neo y <strong>agrega una capa de protecci\u00f3n frente a las impurezas y los contaminantes ambientales.<\/strong> Despu\u00e9s es el turno de la crema hidratante o antiedad, que se usa sobre rostro y cuello para prevenir la resequedad, proteger la piel del envejecimiento prematuro y ayudar a que luzca m\u00e1s fresca, saludable y luminosa. Y, por \u00faltimo, tanto en invierno como en verano, la rutina termina con la aplicaci\u00f3n del protector solar, que funciona como un escudo contra los da\u00f1inos rayos UV y reduce la posibilidad de la aparici\u00f3n de manchas y quemaduras solares.<\/p>\t\t\t\t\t\t\t\t<\/div>\n\t\t\t\t<\/div>\n\t\t\t\t\t<\/div>\n\t\t<\/div>\n\t\t\t\t\t<\/div>\n\t\t<\/section>\n\t\t\t\t<\/div>\n\t\t","protected":false},"excerpt":{"rendered":"<p>l cuidado facial es de suma importancia porque la piel del rostro es muy sensible y est\u00e1 expuesta durante todo el a\u00f1o a la agresi\u00f3n de agentes externos como el fr\u00edo, el calor, el polvo y el viento.<\/p>\n","protected":false},"author":1,"featured_media":956,"comment_status":"open","ping_status":"open","sticky":false,"template":"elementor_canvas","format":"standard","meta":{"footnotes":""},"categories":[1],"tags":[],"class_list":["post-954","post","type-post","status-publish","format-standard","has-post-thumbnail","hentry","category-blog"],"_links":{"self":[{"href":"https:\/\/chalespa.com\/index.php\/wp-json\/wp\/v2\/posts\/954","targetHints":{"allow":["GET"]}}],"collection":[{"href":"https:\/\/chalespa.com\/index.php\/wp-json\/wp\/v2\/posts"}],"about":[{"href":"https:\/\/chalespa.com\/index.php\/wp-json\/wp\/v2\/types\/post"}],"author":[{"embeddable":true,"href":"https:\/\/chalespa.com\/index.php\/wp-json\/wp\/v2\/users\/1"}],"replies":[{"embeddable":true,"href":"https:\/\/chalespa.com\/index.php\/wp-json\/wp\/v2\/comments?post=954"}],"version-history":[{"count":7,"href":"https:\/\/chalespa.com\/index.php\/wp-json\/wp\/v2\/posts\/954\/revisions"}],"predecessor-version":[{"id":963,"href":"https:\/\/chalespa.com\/index.php\/wp-json\/wp\/v2\/posts\/954\/revisions\/963"}],"wp:featuredmedia":[{"embeddable":true,"href":"https:\/\/chalespa.com\/index.php\/wp-json\/wp\/v2\/media\/956"}],"wp:attachment":[{"href":"https:\/\/chalespa.com\/index.php\/wp-json\/wp\/v2\/media?parent=954"}],"wp:term":[{"taxonomy":"category","embeddable":true,"href":"https:\/\/chalespa.com\/index.php\/wp-json\/wp\/v2\/categories?post=954"},{"taxonomy":"post_tag","embeddable":true,"href":"https:\/\/chalespa.com\/index.php\/wp-json\/wp\/v2\/tags?post=954"}],"curies":[{"name":"wp","href":"https:\/\/api.w.org\/{rel}","templated":true}]}}